
{"id":2944,"date":"2019-03-19T20:52:33","date_gmt":"2019-03-19T20:52:33","guid":{"rendered":"https:\/\/www.wcia.org.uk\/?p=2944"},"modified":"2019-03-22T15:08:18","modified_gmt":"2019-03-22T15:08:18","slug":"roedd-yr-ystod-gyffrous-o-ddadleuon-ym-mhencampwriaethau-dadlau-ysgolion-cymru-yn-cynnwys-ffeministiaeth-babanod-wediu-haddasun-enetig-rol-amddifadedd-cymdeithasol-o-ran-achosi-trosedd-gwahardd","status":"publish","type":"post","link":"https:\/\/cymru.global\/cy\/newyddion-wcia\/roedd-yr-ystod-gyffrous-o-ddadleuon-ym-mhencampwriaethau-dadlau-ysgolion-cymru-yn-cynnwys-ffeministiaeth-babanod-wediu-haddasun-enetig-rol-amddifadedd-cymdeithasol-o-ran-achosi-trosedd-gwahardd\/","title":{"rendered":"Rownd Derfynol Gyffrous ar gyfer y Bencampwriaeth Dadlau"},"content":{"rendered":"<p>Roedd yr ystod gyffrous o ddadleuon ym Mhencampwriaethau Dadlau Ysgolion Cymru yn cynnwys ffeministiaeth, babanod wedi&#8217;u haddasu&#8217;n enetig, r\u00f4l amddifadedd cymdeithasol o ran achosi trosedd, gwahardd perfformwyr sy\u2019n blant, a chodi t\u00e2l ar bobl am driniaeth ar gyfer materion iechyd sy\u2019n gysylltiedig \u00e2 dewisiadau ffordd o fyw. Cystadlodd myfyrwyr talentog o bum ysgol i geisio ennill y cystadlaethau siaradwr unigol a\u2019r t\u00eem buddugol yn y Pencampwriaethau.<\/p>\n<p>Enillwyd y gystadleuaeth t\u00eem gan Dagmawi Yosief a Restam Ehmo Agha o Ysgol Howell\u2019s, a daeth Sophia Wallo a Gethin Jones o Goleg Menai yn ail. Llwyddodd y ddau d\u00eem i fynd trwy rowndiau cynderfynol caled iawn yn y bore, lle cafwyd perfformiadau cryf iawn gan dimau o Goleg Chweched Dosbarth Caerdydd ac Ysgol Dyffryn Aman.<\/p>\n<p>Meddai Arianne Banks, a enillodd y gystadleuaeth siaradwr unigol; \u2018Dwi wir wedi mwynhau siarad yn Siambr y Cyngor yn y Deml Heddwch. Mae dadlau wedi rhoi sgiliau bywyd i mi a fydd yn werthfawr yn y dyfodol.&#8221;<\/p>\n<p>Mae&#8217;r holl gyfranogwyr yn mwynhau&#8217;r elfen gystadleuol i&#8217;r steil hwn o ddadlau, er bod Dag, aelod o&#8217;r t\u00eem buddugol wedi dweud, &#8220;mae&#8217;n straen, ac rwy&#8217;n aml yn meddwl ar \u00f4l cystadleuaeth, dyna fy un olaf, ac yna, rwy&#8217;n dod n\u00f4l am fwy.&#8221;<\/p>\n<p>Mae WCIA, sy\u2019n cael cymorth ariannol hirsefydlog gan Sefydliad Hodge, wedi rhedeg y gystadleuaeth ers blynyddoedd lawer. Y nod yw sicrhau bod y cyfleoedd hyn ar gael i gynifer o ysgolion \u00e2 phosibl. Bydd dyddiadau hyfforddiant a chystadleuaeth y flwyddyn nesaf ar gael yn fuan.<\/p>\n","protected":false},"excerpt":{"rendered":"<p>Roedd yr ystod gyffrous o ddadleuon ym Mhencampwriaethau Dadlau Ysgolion Cymru yn cynnwys ffeministiaeth, babanod wedi&#8217;u haddasu&#8217;n enetig, r\u00f4l amddifadedd cymdeithasol o ran achosi trosedd, gwahardd perfformwyr sy\u2019n blant, a chodi t\u00e2l ar bobl am driniaeth ar gyfer materion iechyd sy\u2019n gysylltiedig \u00e2 dewisiadau ffordd o fyw. Cystadlodd myfyrwyr talentog [&#8230;]<\/p>\n","protected":false},"author":3,"featured_media":2942,"comment_status":"open","ping_status":"closed","sticky":false,"template":"","format":"standard","meta":{"_acf_changed":false,"iawp_total_views":1,"footnotes":""},"categories":[138,188],"tags":[],"class_list":["post-2944","post","type-post","status-publish","format-standard","has-post-thumbnail","hentry","category-newyddion-wcia","category-wcia-news-cy"],"acf":[],"yoast_head":"<!-- This site is optimized with the Yoast SEO plugin v27.5 - https:\/\/yoast.com\/product\/yoast-seo-wordpress\/ -->\n<title>Rownd Derfynol Gyffrous ar gyfer y Bencampwriaeth Dadlau - Cymru Global<\/title>\n<meta name=\"robots\" content=\"index, follow, max-snippet:-1, max-image-preview:large, max-video-preview:-1\" \/>\n<meta property=\"og:locale\" content=\"cy_GB\" \/>\n<meta property=\"og:type\" content=\"article\" \/>\n<meta property=\"og:title\" content=\"Rownd Derfynol Gyffrous ar gyfer y Bencampwriaeth Dadlau - Cymru Global\" \/>\n<meta property=\"og:description\" content=\"Roedd yr ystod gyffrous o ddadleuon ym Mhencampwriaethau Dadlau Ysgolion Cymru yn cynnwys ffeministiaeth, babanod wedi&#8217;u haddasu&#8217;n enetig, r\u00f4l amddifadedd cymdeithasol o ran achosi trosedd, gwahardd perfformwyr sy\u2019n blant, a chodi t\u00e2l ar bobl am driniaeth ar gyfer materion iechyd sy\u2019n gysylltiedig \u00e2 dewisiadau ffordd o fyw. Cystadlodd myfyrwyr talentog [...]\" \/>\n<meta property=\"og:url\" content=\"https:\/\/cymru.global\/cy\/newyddion-wcia\/roedd-yr-ystod-gyffrous-o-ddadleuon-ym-mhencampwriaethau-dadlau-ysgolion-cymru-yn-cynnwys-ffeministiaeth-babanod-wediu-haddasun-enetig-rol-amddifadedd-cymdeithasol-o-ran-achosi-trosedd-gwahardd\/\" \/>\n<meta property=\"og:site_name\" content=\"Cymru Global\" \/>\n<meta property=\"article:publisher\" content=\"https:\/\/www.facebook.com\/welshcentreforinternationalaffairs\/\" \/>\n<meta property=\"article:published_time\" content=\"2019-03-19T20:52:33+00:00\" \/>\n<meta property=\"article:modified_time\" content=\"2019-03-22T15:08:18+00:00\" \/>\n<meta property=\"og:image\" content=\"https:\/\/cymru.global\/wp-content\/uploads\/2019\/03\/46690361264_d23c718acc_k.jpg\" \/>\n\t<meta property=\"og:image:width\" content=\"2048\" \/>\n\t<meta property=\"og:image:height\" content=\"1365\" \/>\n\t<meta property=\"og:image:type\" content=\"image\/jpeg\" \/>\n<meta name=\"author\" content=\"Susie\" \/>\n<meta name=\"twitter:card\" content=\"summary_large_image\" \/>\n<meta name=\"twitter:creator\" content=\"@WCIA_Wales\" \/>\n<meta name=\"twitter:site\" content=\"@WCIA_Wales\" \/>\n<meta name=\"twitter:label1\" content=\"Written by\" \/>\n\t<meta name=\"twitter:data1\" content=\"Susie\" \/>\n\t<meta name=\"twitter:label2\" content=\"Est. reading time\" \/>\n\t<meta name=\"twitter:data2\" content=\"1 minute\" \/>\n<script type=\"application\/ld+json\" class=\"yoast-schema-graph\">{\"@context\":\"https:\\\/\\\/schema.org\",\"@graph\":[{\"@type\":\"Article\",\"@id\":\"https:\\\/\\\/cymru.global\\\/cy\\\/newyddion-wcia\\\/roedd-yr-ystod-gyffrous-o-ddadleuon-ym-mhencampwriaethau-dadlau-ysgolion-cymru-yn-cynnwys-ffeministiaeth-babanod-wediu-haddasun-enetig-rol-amddifadedd-cymdeithasol-o-ran-achosi-trosedd-gwahardd\\\/#article\",\"isPartOf\":{\"@id\":\"https:\\\/\\\/cymru.global\\\/cy\\\/newyddion-wcia\\\/roedd-yr-ystod-gyffrous-o-ddadleuon-ym-mhencampwriaethau-dadlau-ysgolion-cymru-yn-cynnwys-ffeministiaeth-babanod-wediu-haddasun-enetig-rol-amddifadedd-cymdeithasol-o-ran-achosi-trosedd-gwahardd\\\/\"},\"author\":{\"name\":\"Susie\",\"@id\":\"https:\\\/\\\/cymru.global\\\/cy\\\/#\\\/schema\\\/person\\\/9c666b43b31f31b7a1a7874c90b58a7c\"},\"headline\":\"Rownd Derfynol Gyffrous ar gyfer y Bencampwriaeth Dadlau\",\"datePublished\":\"2019-03-19T20:52:33+00:00\",\"dateModified\":\"2019-03-22T15:08:18+00:00\",\"mainEntityOfPage\":{\"@id\":\"https:\\\/\\\/cymru.global\\\/cy\\\/newyddion-wcia\\\/roedd-yr-ystod-gyffrous-o-ddadleuon-ym-mhencampwriaethau-dadlau-ysgolion-cymru-yn-cynnwys-ffeministiaeth-babanod-wediu-haddasun-enetig-rol-amddifadedd-cymdeithasol-o-ran-achosi-trosedd-gwahardd\\\/\"},\"wordCount\":273,\"commentCount\":0,\"publisher\":{\"@id\":\"https:\\\/\\\/cymru.global\\\/cy\\\/#organization\"},\"image\":{\"@id\":\"https:\\\/\\\/cymru.global\\\/cy\\\/newyddion-wcia\\\/roedd-yr-ystod-gyffrous-o-ddadleuon-ym-mhencampwriaethau-dadlau-ysgolion-cymru-yn-cynnwys-ffeministiaeth-babanod-wediu-haddasun-enetig-rol-amddifadedd-cymdeithasol-o-ran-achosi-trosedd-gwahardd\\\/#primaryimage\"},\"thumbnailUrl\":\"https:\\\/\\\/cymru.global\\\/wp-content\\\/uploads\\\/2019\\\/03\\\/46690361264_d23c718acc_k.jpg\",\"articleSection\":[\"Newyddion WCIA\",\"WCIA news\"],\"inLanguage\":\"cy-GB\",\"potentialAction\":[{\"@type\":\"CommentAction\",\"name\":\"Comment\",\"target\":[\"https:\\\/\\\/cymru.global\\\/cy\\\/newyddion-wcia\\\/roedd-yr-ystod-gyffrous-o-ddadleuon-ym-mhencampwriaethau-dadlau-ysgolion-cymru-yn-cynnwys-ffeministiaeth-babanod-wediu-haddasun-enetig-rol-amddifadedd-cymdeithasol-o-ran-achosi-trosedd-gwahardd\\\/#respond\"]}]},{\"@type\":\"WebPage\",\"@id\":\"https:\\\/\\\/cymru.global\\\/cy\\\/newyddion-wcia\\\/roedd-yr-ystod-gyffrous-o-ddadleuon-ym-mhencampwriaethau-dadlau-ysgolion-cymru-yn-cynnwys-ffeministiaeth-babanod-wediu-haddasun-enetig-rol-amddifadedd-cymdeithasol-o-ran-achosi-trosedd-gwahardd\\\/\",\"url\":\"https:\\\/\\\/cymru.global\\\/cy\\\/newyddion-wcia\\\/roedd-yr-ystod-gyffrous-o-ddadleuon-ym-mhencampwriaethau-dadlau-ysgolion-cymru-yn-cynnwys-ffeministiaeth-babanod-wediu-haddasun-enetig-rol-amddifadedd-cymdeithasol-o-ran-achosi-trosedd-gwahardd\\\/\",\"name\":\"Rownd Derfynol Gyffrous ar gyfer y Bencampwriaeth Dadlau - Cymru Global\",\"isPartOf\":{\"@id\":\"https:\\\/\\\/cymru.global\\\/cy\\\/#website\"},\"primaryImageOfPage\":{\"@id\":\"https:\\\/\\\/cymru.global\\\/cy\\\/newyddion-wcia\\\/roedd-yr-ystod-gyffrous-o-ddadleuon-ym-mhencampwriaethau-dadlau-ysgolion-cymru-yn-cynnwys-ffeministiaeth-babanod-wediu-haddasun-enetig-rol-amddifadedd-cymdeithasol-o-ran-achosi-trosedd-gwahardd\\\/#primaryimage\"},\"image\":{\"@id\":\"https:\\\/\\\/cymru.global\\\/cy\\\/newyddion-wcia\\\/roedd-yr-ystod-gyffrous-o-ddadleuon-ym-mhencampwriaethau-dadlau-ysgolion-cymru-yn-cynnwys-ffeministiaeth-babanod-wediu-haddasun-enetig-rol-amddifadedd-cymdeithasol-o-ran-achosi-trosedd-gwahardd\\\/#primaryimage\"},\"thumbnailUrl\":\"https:\\\/\\\/cymru.global\\\/wp-content\\\/uploads\\\/2019\\\/03\\\/46690361264_d23c718acc_k.jpg\",\"datePublished\":\"2019-03-19T20:52:33+00:00\",\"dateModified\":\"2019-03-22T15:08:18+00:00\",\"breadcrumb\":{\"@id\":\"https:\\\/\\\/cymru.global\\\/cy\\\/newyddion-wcia\\\/roedd-yr-ystod-gyffrous-o-ddadleuon-ym-mhencampwriaethau-dadlau-ysgolion-cymru-yn-cynnwys-ffeministiaeth-babanod-wediu-haddasun-enetig-rol-amddifadedd-cymdeithasol-o-ran-achosi-trosedd-gwahardd\\\/#breadcrumb\"},\"inLanguage\":\"cy-GB\",\"potentialAction\":[{\"@type\":\"ReadAction\",\"target\":[\"https:\\\/\\\/cymru.global\\\/cy\\\/newyddion-wcia\\\/roedd-yr-ystod-gyffrous-o-ddadleuon-ym-mhencampwriaethau-dadlau-ysgolion-cymru-yn-cynnwys-ffeministiaeth-babanod-wediu-haddasun-enetig-rol-amddifadedd-cymdeithasol-o-ran-achosi-trosedd-gwahardd\\\/\"]}]},{\"@type\":\"ImageObject\",\"inLanguage\":\"cy-GB\",\"@id\":\"https:\\\/\\\/cymru.global\\\/cy\\\/newyddion-wcia\\\/roedd-yr-ystod-gyffrous-o-ddadleuon-ym-mhencampwriaethau-dadlau-ysgolion-cymru-yn-cynnwys-ffeministiaeth-babanod-wediu-haddasun-enetig-rol-amddifadedd-cymdeithasol-o-ran-achosi-trosedd-gwahardd\\\/#primaryimage\",\"url\":\"https:\\\/\\\/cymru.global\\\/wp-content\\\/uploads\\\/2019\\\/03\\\/46690361264_d23c718acc_k.jpg\",\"contentUrl\":\"https:\\\/\\\/cymru.global\\\/wp-content\\\/uploads\\\/2019\\\/03\\\/46690361264_d23c718acc_k.jpg\",\"width\":2048,\"height\":1365,\"caption\":\"Debating\"},{\"@type\":\"BreadcrumbList\",\"@id\":\"https:\\\/\\\/cymru.global\\\/cy\\\/newyddion-wcia\\\/roedd-yr-ystod-gyffrous-o-ddadleuon-ym-mhencampwriaethau-dadlau-ysgolion-cymru-yn-cynnwys-ffeministiaeth-babanod-wediu-haddasun-enetig-rol-amddifadedd-cymdeithasol-o-ran-achosi-trosedd-gwahardd\\\/#breadcrumb\",\"itemListElement\":[{\"@type\":\"ListItem\",\"position\":1,\"name\":\"Cartref\",\"item\":\"https:\\\/\\\/cymru.global\\\/cy\\\/cymru-global\\\/\"},{\"@type\":\"ListItem\",\"position\":2,\"name\":\"Rownd Derfynol Gyffrous ar gyfer y Bencampwriaeth Dadlau\"}]},{\"@type\":\"WebSite\",\"@id\":\"https:\\\/\\\/cymru.global\\\/cy\\\/#website\",\"url\":\"https:\\\/\\\/cymru.global\\\/cy\\\/\",\"name\":\"Cymru Global\",\"description\":\"\",\"publisher\":{\"@id\":\"https:\\\/\\\/cymru.global\\\/cy\\\/#organization\"},\"potentialAction\":[{\"@type\":\"SearchAction\",\"target\":{\"@type\":\"EntryPoint\",\"urlTemplate\":\"https:\\\/\\\/cymru.global\\\/cy\\\/?s={search_term_string}\"},\"query-input\":{\"@type\":\"PropertyValueSpecification\",\"valueRequired\":true,\"valueName\":\"search_term_string\"}}],\"inLanguage\":\"cy-GB\"},{\"@type\":\"Organization\",\"@id\":\"https:\\\/\\\/cymru.global\\\/cy\\\/#organization\",\"name\":\"Cymru Global\",\"url\":\"https:\\\/\\\/cymru.global\\\/cy\\\/\",\"logo\":{\"@type\":\"ImageObject\",\"inLanguage\":\"cy-GB\",\"@id\":\"https:\\\/\\\/cymru.global\\\/cy\\\/#\\\/schema\\\/logo\\\/image\\\/\",\"url\":\"https:\\\/\\\/cymru.global\\\/wp-content\\\/uploads\\\/2026\\\/02\\\/loog-white.svg\",\"contentUrl\":\"https:\\\/\\\/cymru.global\\\/wp-content\\\/uploads\\\/2026\\\/02\\\/loog-white.svg\",\"width\":179,\"height\":59,\"caption\":\"Cymru Global\"},\"image\":{\"@id\":\"https:\\\/\\\/cymru.global\\\/cy\\\/#\\\/schema\\\/logo\\\/image\\\/\"},\"sameAs\":[\"https:\\\/\\\/www.facebook.com\\\/welshcentreforinternationalaffairs\\\/\",\"https:\\\/\\\/x.com\\\/WCIA_Wales\",\"https:\\\/\\\/www.instagram.com\\\/wcia_wales\\\/?hl=en-gb\",\"https:\\\/\\\/www.youtube.com\\\/channel\\\/UC0G2l7QV_yPDU4RHB8hEEPg\"]},{\"@type\":\"Person\",\"@id\":\"https:\\\/\\\/cymru.global\\\/cy\\\/#\\\/schema\\\/person\\\/9c666b43b31f31b7a1a7874c90b58a7c\",\"name\":\"Susie\",\"image\":{\"@type\":\"ImageObject\",\"inLanguage\":\"cy-GB\",\"@id\":\"https:\\\/\\\/secure.gravatar.com\\\/avatar\\\/e629bf434277af106725cfa9b36e70d7b519cb7baf0d92bed131a47d270e2023?s=96&d=mm&r=g\",\"url\":\"https:\\\/\\\/secure.gravatar.com\\\/avatar\\\/e629bf434277af106725cfa9b36e70d7b519cb7baf0d92bed131a47d270e2023?s=96&d=mm&r=g\",\"contentUrl\":\"https:\\\/\\\/secure.gravatar.com\\\/avatar\\\/e629bf434277af106725cfa9b36e70d7b519cb7baf0d92bed131a47d270e2023?s=96&d=mm&r=g\",\"caption\":\"Susie\"},\"url\":\"https:\\\/\\\/cymru.global\\\/cy\\\/author\\\/susie\\\/\"}]}<\/script>\n<!-- \/ Yoast SEO plugin. -->","yoast_head_json":{"title":"Rownd Derfynol Gyffrous ar gyfer y Bencampwriaeth Dadlau - Cymru Global","robots":{"index":"index","follow":"follow","max-snippet":"max-snippet:-1","max-image-preview":"max-image-preview:large","max-video-preview":"max-video-preview:-1"},"og_locale":"cy_GB","og_type":"article","og_title":"Rownd Derfynol Gyffrous ar gyfer y Bencampwriaeth Dadlau - Cymru Global","og_description":"Roedd yr ystod gyffrous o ddadleuon ym Mhencampwriaethau Dadlau Ysgolion Cymru yn cynnwys ffeministiaeth, babanod wedi&#8217;u haddasu&#8217;n enetig, r\u00f4l amddifadedd cymdeithasol o ran achosi trosedd, gwahardd perfformwyr sy\u2019n blant, a chodi t\u00e2l ar bobl am driniaeth ar gyfer materion iechyd sy\u2019n gysylltiedig \u00e2 dewisiadau ffordd o fyw. Cystadlodd myfyrwyr talentog [...]","og_url":"https:\/\/cymru.global\/cy\/newyddion-wcia\/roedd-yr-ystod-gyffrous-o-ddadleuon-ym-mhencampwriaethau-dadlau-ysgolion-cymru-yn-cynnwys-ffeministiaeth-babanod-wediu-haddasun-enetig-rol-amddifadedd-cymdeithasol-o-ran-achosi-trosedd-gwahardd\/","og_site_name":"Cymru Global","article_publisher":"https:\/\/www.facebook.com\/welshcentreforinternationalaffairs\/","article_published_time":"2019-03-19T20:52:33+00:00","article_modified_time":"2019-03-22T15:08:18+00:00","og_image":[{"width":2048,"height":1365,"url":"https:\/\/cymru.global\/wp-content\/uploads\/2019\/03\/46690361264_d23c718acc_k.jpg","type":"image\/jpeg"}],"author":"Susie","twitter_card":"summary_large_image","twitter_creator":"@WCIA_Wales","twitter_site":"@WCIA_Wales","twitter_misc":{"Written by":"Susie","Est. reading time":"1 minute"},"schema":{"@context":"https:\/\/schema.org","@graph":[{"@type":"Article","@id":"https:\/\/cymru.global\/cy\/newyddion-wcia\/roedd-yr-ystod-gyffrous-o-ddadleuon-ym-mhencampwriaethau-dadlau-ysgolion-cymru-yn-cynnwys-ffeministiaeth-babanod-wediu-haddasun-enetig-rol-amddifadedd-cymdeithasol-o-ran-achosi-trosedd-gwahardd\/#article","isPartOf":{"@id":"https:\/\/cymru.global\/cy\/newyddion-wcia\/roedd-yr-ystod-gyffrous-o-ddadleuon-ym-mhencampwriaethau-dadlau-ysgolion-cymru-yn-cynnwys-ffeministiaeth-babanod-wediu-haddasun-enetig-rol-amddifadedd-cymdeithasol-o-ran-achosi-trosedd-gwahardd\/"},"author":{"name":"Susie","@id":"https:\/\/cymru.global\/cy\/#\/schema\/person\/9c666b43b31f31b7a1a7874c90b58a7c"},"headline":"Rownd Derfynol Gyffrous ar gyfer y Bencampwriaeth Dadlau","datePublished":"2019-03-19T20:52:33+00:00","dateModified":"2019-03-22T15:08:18+00:00","mainEntityOfPage":{"@id":"https:\/\/cymru.global\/cy\/newyddion-wcia\/roedd-yr-ystod-gyffrous-o-ddadleuon-ym-mhencampwriaethau-dadlau-ysgolion-cymru-yn-cynnwys-ffeministiaeth-babanod-wediu-haddasun-enetig-rol-amddifadedd-cymdeithasol-o-ran-achosi-trosedd-gwahardd\/"},"wordCount":273,"commentCount":0,"publisher":{"@id":"https:\/\/cymru.global\/cy\/#organization"},"image":{"@id":"https:\/\/cymru.global\/cy\/newyddion-wcia\/roedd-yr-ystod-gyffrous-o-ddadleuon-ym-mhencampwriaethau-dadlau-ysgolion-cymru-yn-cynnwys-ffeministiaeth-babanod-wediu-haddasun-enetig-rol-amddifadedd-cymdeithasol-o-ran-achosi-trosedd-gwahardd\/#primaryimage"},"thumbnailUrl":"https:\/\/cymru.global\/wp-content\/uploads\/2019\/03\/46690361264_d23c718acc_k.jpg","articleSection":["Newyddion WCIA","WCIA news"],"inLanguage":"cy-GB","potentialAction":[{"@type":"CommentAction","name":"Comment","target":["https:\/\/cymru.global\/cy\/newyddion-wcia\/roedd-yr-ystod-gyffrous-o-ddadleuon-ym-mhencampwriaethau-dadlau-ysgolion-cymru-yn-cynnwys-ffeministiaeth-babanod-wediu-haddasun-enetig-rol-amddifadedd-cymdeithasol-o-ran-achosi-trosedd-gwahardd\/#respond"]}]},{"@type":"WebPage","@id":"https:\/\/cymru.global\/cy\/newyddion-wcia\/roedd-yr-ystod-gyffrous-o-ddadleuon-ym-mhencampwriaethau-dadlau-ysgolion-cymru-yn-cynnwys-ffeministiaeth-babanod-wediu-haddasun-enetig-rol-amddifadedd-cymdeithasol-o-ran-achosi-trosedd-gwahardd\/","url":"https:\/\/cymru.global\/cy\/newyddion-wcia\/roedd-yr-ystod-gyffrous-o-ddadleuon-ym-mhencampwriaethau-dadlau-ysgolion-cymru-yn-cynnwys-ffeministiaeth-babanod-wediu-haddasun-enetig-rol-amddifadedd-cymdeithasol-o-ran-achosi-trosedd-gwahardd\/","name":"Rownd Derfynol Gyffrous ar gyfer y Bencampwriaeth Dadlau - Cymru Global","isPartOf":{"@id":"https:\/\/cymru.global\/cy\/#website"},"primaryImageOfPage":{"@id":"https:\/\/cymru.global\/cy\/newyddion-wcia\/roedd-yr-ystod-gyffrous-o-ddadleuon-ym-mhencampwriaethau-dadlau-ysgolion-cymru-yn-cynnwys-ffeministiaeth-babanod-wediu-haddasun-enetig-rol-amddifadedd-cymdeithasol-o-ran-achosi-trosedd-gwahardd\/#primaryimage"},"image":{"@id":"https:\/\/cymru.global\/cy\/newyddion-wcia\/roedd-yr-ystod-gyffrous-o-ddadleuon-ym-mhencampwriaethau-dadlau-ysgolion-cymru-yn-cynnwys-ffeministiaeth-babanod-wediu-haddasun-enetig-rol-amddifadedd-cymdeithasol-o-ran-achosi-trosedd-gwahardd\/#primaryimage"},"thumbnailUrl":"https:\/\/cymru.global\/wp-content\/uploads\/2019\/03\/46690361264_d23c718acc_k.jpg","datePublished":"2019-03-19T20:52:33+00:00","dateModified":"2019-03-22T15:08:18+00:00","breadcrumb":{"@id":"https:\/\/cymru.global\/cy\/newyddion-wcia\/roedd-yr-ystod-gyffrous-o-ddadleuon-ym-mhencampwriaethau-dadlau-ysgolion-cymru-yn-cynnwys-ffeministiaeth-babanod-wediu-haddasun-enetig-rol-amddifadedd-cymdeithasol-o-ran-achosi-trosedd-gwahardd\/#breadcrumb"},"inLanguage":"cy-GB","potentialAction":[{"@type":"ReadAction","target":["https:\/\/cymru.global\/cy\/newyddion-wcia\/roedd-yr-ystod-gyffrous-o-ddadleuon-ym-mhencampwriaethau-dadlau-ysgolion-cymru-yn-cynnwys-ffeministiaeth-babanod-wediu-haddasun-enetig-rol-amddifadedd-cymdeithasol-o-ran-achosi-trosedd-gwahardd\/"]}]},{"@type":"ImageObject","inLanguage":"cy-GB","@id":"https:\/\/cymru.global\/cy\/newyddion-wcia\/roedd-yr-ystod-gyffrous-o-ddadleuon-ym-mhencampwriaethau-dadlau-ysgolion-cymru-yn-cynnwys-ffeministiaeth-babanod-wediu-haddasun-enetig-rol-amddifadedd-cymdeithasol-o-ran-achosi-trosedd-gwahardd\/#primaryimage","url":"https:\/\/cymru.global\/wp-content\/uploads\/2019\/03\/46690361264_d23c718acc_k.jpg","contentUrl":"https:\/\/cymru.global\/wp-content\/uploads\/2019\/03\/46690361264_d23c718acc_k.jpg","width":2048,"height":1365,"caption":"Debating"},{"@type":"BreadcrumbList","@id":"https:\/\/cymru.global\/cy\/newyddion-wcia\/roedd-yr-ystod-gyffrous-o-ddadleuon-ym-mhencampwriaethau-dadlau-ysgolion-cymru-yn-cynnwys-ffeministiaeth-babanod-wediu-haddasun-enetig-rol-amddifadedd-cymdeithasol-o-ran-achosi-trosedd-gwahardd\/#breadcrumb","itemListElement":[{"@type":"ListItem","position":1,"name":"Cartref","item":"https:\/\/cymru.global\/cy\/cymru-global\/"},{"@type":"ListItem","position":2,"name":"Rownd Derfynol Gyffrous ar gyfer y Bencampwriaeth Dadlau"}]},{"@type":"WebSite","@id":"https:\/\/cymru.global\/cy\/#website","url":"https:\/\/cymru.global\/cy\/","name":"Cymru Global","description":"","publisher":{"@id":"https:\/\/cymru.global\/cy\/#organization"},"potentialAction":[{"@type":"SearchAction","target":{"@type":"EntryPoint","urlTemplate":"https:\/\/cymru.global\/cy\/?s={search_term_string}"},"query-input":{"@type":"PropertyValueSpecification","valueRequired":true,"valueName":"search_term_string"}}],"inLanguage":"cy-GB"},{"@type":"Organization","@id":"https:\/\/cymru.global\/cy\/#organization","name":"Cymru Global","url":"https:\/\/cymru.global\/cy\/","logo":{"@type":"ImageObject","inLanguage":"cy-GB","@id":"https:\/\/cymru.global\/cy\/#\/schema\/logo\/image\/","url":"https:\/\/cymru.global\/wp-content\/uploads\/2026\/02\/loog-white.svg","contentUrl":"https:\/\/cymru.global\/wp-content\/uploads\/2026\/02\/loog-white.svg","width":179,"height":59,"caption":"Cymru Global"},"image":{"@id":"https:\/\/cymru.global\/cy\/#\/schema\/logo\/image\/"},"sameAs":["https:\/\/www.facebook.com\/welshcentreforinternationalaffairs\/","https:\/\/x.com\/WCIA_Wales","https:\/\/www.instagram.com\/wcia_wales\/?hl=en-gb","https:\/\/www.youtube.com\/channel\/UC0G2l7QV_yPDU4RHB8hEEPg"]},{"@type":"Person","@id":"https:\/\/cymru.global\/cy\/#\/schema\/person\/9c666b43b31f31b7a1a7874c90b58a7c","name":"Susie","image":{"@type":"ImageObject","inLanguage":"cy-GB","@id":"https:\/\/secure.gravatar.com\/avatar\/e629bf434277af106725cfa9b36e70d7b519cb7baf0d92bed131a47d270e2023?s=96&d=mm&r=g","url":"https:\/\/secure.gravatar.com\/avatar\/e629bf434277af106725cfa9b36e70d7b519cb7baf0d92bed131a47d270e2023?s=96&d=mm&r=g","contentUrl":"https:\/\/secure.gravatar.com\/avatar\/e629bf434277af106725cfa9b36e70d7b519cb7baf0d92bed131a47d270e2023?s=96&d=mm&r=g","caption":"Susie"},"url":"https:\/\/cymru.global\/cy\/author\/susie\/"}]}},"_links":{"self":[{"href":"https:\/\/cymru.global\/cy\/wp-json\/wp\/v2\/posts\/2944","targetHints":{"allow":["GET"]}}],"collection":[{"href":"https:\/\/cymru.global\/cy\/wp-json\/wp\/v2\/posts"}],"about":[{"href":"https:\/\/cymru.global\/cy\/wp-json\/wp\/v2\/types\/post"}],"author":[{"embeddable":true,"href":"https:\/\/cymru.global\/cy\/wp-json\/wp\/v2\/users\/3"}],"replies":[{"embeddable":true,"href":"https:\/\/cymru.global\/cy\/wp-json\/wp\/v2\/comments?post=2944"}],"version-history":[{"count":1,"href":"https:\/\/cymru.global\/cy\/wp-json\/wp\/v2\/posts\/2944\/revisions"}],"predecessor-version":[{"id":2959,"href":"https:\/\/cymru.global\/cy\/wp-json\/wp\/v2\/posts\/2944\/revisions\/2959"}],"wp:featuredmedia":[{"embeddable":true,"href":"https:\/\/cymru.global\/cy\/wp-json\/wp\/v2\/media\/2942"}],"wp:attachment":[{"href":"https:\/\/cymru.global\/cy\/wp-json\/wp\/v2\/media?parent=2944"}],"wp:term":[{"taxonomy":"category","embeddable":true,"href":"https:\/\/cymru.global\/cy\/wp-json\/wp\/v2\/categories?post=2944"},{"taxonomy":"post_tag","embeddable":true,"href":"https:\/\/cymru.global\/cy\/wp-json\/wp\/v2\/tags?post=2944"}],"curies":[{"name":"wp","href":"https:\/\/api.w.org\/{rel}","templated":true}]}}