
{"id":40837,"date":"2024-06-05T13:41:46","date_gmt":"2024-06-05T12:41:46","guid":{"rendered":"https:\/\/www.wcia.org.uk\/?p=40837"},"modified":"2024-06-05T13:45:44","modified_gmt":"2024-06-05T12:45:44","slug":"hayley-morgan-prif-weithredwr-o-fis-mehefin-2024","status":"publish","type":"post","link":"https:\/\/cymru.global\/cy\/wcia-news-cy\/hayley-morgan-prif-weithredwr-o-fis-mehefin-2024\/","title":{"rendered":"Cyflwyno Hayley Morgan, Prif Weithredwr newydd WCIA"},"content":{"rendered":"<div class=\"wp-block-image\"><div class=\"container\">\n<figure class=\"alignright size-full\"><img decoding=\"async\" width=\"540\" height=\"810\" src=\"https:\/\/cymru.global\/wp-content\/uploads\/2024\/05\/Hayley-Morgan.jpg\" alt=\"\" class=\"wp-image-40797\" srcset=\"https:\/\/cymru.global\/wp-content\/uploads\/2024\/05\/Hayley-Morgan.jpg 540w, https:\/\/cymru.global\/wp-content\/uploads\/2024\/05\/Hayley-Morgan-200x300.jpg 200w, https:\/\/cymru.global\/wp-content\/uploads\/2024\/05\/Hayley-Morgan-1x1.jpg 1w\" sizes=\"(max-width: 540px) 100vw, 540px\" \/><\/figure>\n<\/div><\/div>\n\n<div class=\"container\">\n<p><strong><em>o fis Mehefin 2024<\/em><\/strong><\/p>\n<\/div>\n\n<div class=\"container\">\n<p>Gyda chefndir mewn rheoli rhaglenni ac arweinyddiaeth yn y sector dyngarol rhyngwladol, yn ogystal \u00e2\u2019r trydydd sector a\u2019r sector cyhoeddus yng Nghymru, mae Hayley yn gyffrous dros ben i ymuno \u00e2 WCIA fel ei Phrif Swyddog Gweithredol newydd.\u00a0<\/p>\n<\/div>\n\n<div class=\"container\">\n<p>Dychwelodd Hayley adref yn 2018 ar \u00f4l byw y tu allan i Gymru am bron i ugain mlynedd yng\u00a0Ngweriniaeth Canolbarth Affrica, Chad, Gweriniaeth Ddemocrataidd Congo, Gweriniaeth Congo, Ffrainc, Malta, Sbaen a Thwrci. Yn ystod y cyfnod hwn, bu\u2019n gweithio yn y sector preifat ac yn Opera Cenedlaethol Paris, cyn treulio bron i ddegawd yn rheoli adnoddau ac arwain prosiectau gyda\u00a0<a href=\"https:\/\/msf.org.uk\/\">Medicins sans Frontieres<\/a> mewn ardaloedd gwrthdaro ac \u00f4l-gwrthdaro. <\/p>\n<\/div>\n\n<div class=\"container\">\n<p>Roedd byw ar draws y byd yn caniat\u00e1u iddi ddysgu Ffrangeg a Sbaeneg ac Arabeg sylfaenol tra\u2019n cael y fraint o ddysgu\u2019n helaeth am wahanol ddiwylliannau a chyd-destunau, yn ogystal \u00e2 gweld effeithiau gwrthdaro a chynnwrf, ymfudo gorfodol a gwytnwch anhygoel gan y bobl y gwnaeth hi eu cyfarfod \u00e2 byw ochr yn ochr \u00e2 nhw.<\/p>\n<\/div>\n\n<div class=\"container\">\n<p>Gyda chymysgedd o ryngwladoldeb, gwaith datblygu a phrofiad o weithio yn y trydydd sector a\u2019r gymdeithas sifil, mae Hayley wedi canolbwyntio ar fywyd sy\u2019n llawn awydd i ddysgu am y bobl a\u2019r&nbsp;hanesion sydd y tu \u00f4l i\u2019r penawdau newyddion, ac sy\u2019n llawn chwilfrydedd ynghylch cyfnewid gyda phobl a gweithio i ddod \u00e2 phobl at ei gilydd ar draws diwylliannau, ac alinio ei gwerthoedd \u00e2 rhai\u2019r WCIA. Ar hyn o bryd, mae hi\u2019n astudio gradd Meistr rhan-amser mewn Cysylltiadau Rhyngwladol, lle mae ei thraethawd hir yn canolbwyntio ar rwystrau i heddwch.<\/p>\n<\/div>\n\n<div class=\"container\">\n<p>Wrth ymuno \u00e2 WCIA, mae Hayley yn dod \u00e2\u2019i phrofiad o fyw ar draws y byd a\u2019i chartref yng Nghymru, ac yn cyfuno ei hangerdd dros ddod \u00e2\u2019r ddau hyn at ei gilydd. Ar \u00f4l mynd \u00e2 straeon a chariad at Gymru dramor, mae hi bellach eisiau gweithio gyda chymunedau ac unigolion i gynyddu dealltwriaeth a\u00a0chysylltedd rhyngwladol ymhellach yng Nghymru. Gyda ffocws ar heddwch, yr amgylchedd, dealltwriaeth ddiwylliannol a dealltwriaeth o\u2019r rhan y gall Cymru ei chwarae yn y byd, mae Hayley yn falch iawn o allu gweithio gyda\u2019r t\u00eem ysbrydoledig yn WCIA, ei phartneriaid a chymunedau Cymru.<\/p>\n<\/div>\n\n<div class=\"container\">\n<div class=\"tb-button\" data-toolset-blocks-button=\"81d6d93dd8200e70b2f5f36832a6dd5b\"><a class=\"tb-button__link\" href=\"https:\/\/cymru.global\/cy\/about-us\/ein-tim\/\"><i class=\"tb-button__icon\"><\/i><span class=\"tb-button__content\">WCIA &#8211; Ein t\u00eem<\/span><\/a><\/div>\n<\/div>","protected":false},"excerpt":{"rendered":"<p>o fis Mehefin 2024 Gyda chefndir mewn rheoli rhaglenni ac arweinyddiaeth yn y sector dyngarol rhyngwladol, yn ogystal \u00e2\u2019r trydydd sector a\u2019r sector cyhoeddus yng Nghymru, mae Hayley yn gyffrous dros ben i ymuno \u00e2 WCIA fel ei Phrif Swyddog Gweithredol newydd.\u00a0 Dychwelodd Hayley adref yn 2018 ar \u00f4l byw [&#8230;]<\/p>\n","protected":false},"author":7,"featured_media":40835,"comment_status":"open","ping_status":"closed","sticky":false,"template":"","format":"standard","meta":{"_acf_changed":false,"iawp_total_views":7,"footnotes":""},"categories":[188],"tags":[1251],"class_list":["post-40837","post","type-post","status-publish","format-standard","has-post-thumbnail","hentry","category-wcia-news-cy","tag-wales-cy-2"],"acf":[],"yoast_head":"<!-- This site is optimized with the Yoast SEO plugin v27.5 - https:\/\/yoast.com\/product\/yoast-seo-wordpress\/ -->\n<title>Cyflwyno Hayley Morgan, Prif Weithredwr newydd WCIA - Cymru Global<\/title>\n<meta name=\"robots\" content=\"index, follow, max-snippet:-1, max-image-preview:large, max-video-preview:-1\" \/>\n<meta property=\"og:locale\" content=\"cy_GB\" \/>\n<meta property=\"og:type\" content=\"article\" \/>\n<meta property=\"og:title\" content=\"Cyflwyno Hayley Morgan, Prif Weithredwr newydd WCIA - Cymru Global\" \/>\n<meta property=\"og:description\" content=\"o fis Mehefin 2024 Gyda chefndir mewn rheoli rhaglenni ac arweinyddiaeth yn y sector dyngarol rhyngwladol, yn ogystal \u00e2\u2019r trydydd sector a\u2019r sector cyhoeddus yng Nghymru, mae Hayley yn gyffrous dros ben i ymuno \u00e2 WCIA fel ei Phrif Swyddog Gweithredol newydd.\u00a0 Dychwelodd Hayley adref yn 2018 ar \u00f4l byw [...]\" \/>\n<meta property=\"og:url\" content=\"https:\/\/cymru.global\/cy\/wcia-news-cy\/hayley-morgan-prif-weithredwr-o-fis-mehefin-2024\/\" \/>\n<meta property=\"og:site_name\" content=\"Cymru Global\" \/>\n<meta property=\"article:publisher\" content=\"https:\/\/www.facebook.com\/welshcentreforinternationalaffairs\/\" \/>\n<meta property=\"article:published_time\" content=\"2024-06-05T12:41:46+00:00\" \/>\n<meta property=\"article:modified_time\" content=\"2024-06-05T12:45:44+00:00\" \/>\n<meta property=\"og:image\" content=\"https:\/\/cymru.global\/wp-content\/uploads\/2024\/06\/Screenshot-2024-06-05-at-13.15.29-968x1024.png\" \/>\n\t<meta property=\"og:image:width\" content=\"968\" \/>\n\t<meta property=\"og:image:height\" content=\"1024\" \/>\n\t<meta property=\"og:image:type\" content=\"image\/png\" \/>\n<meta name=\"author\" content=\"Craig Owen\" \/>\n<meta name=\"twitter:card\" content=\"summary_large_image\" \/>\n<meta name=\"twitter:creator\" content=\"@WCIA_Wales\" \/>\n<meta name=\"twitter:site\" content=\"@WCIA_Wales\" \/>\n<meta name=\"twitter:label1\" content=\"Written by\" \/>\n\t<meta name=\"twitter:data1\" content=\"Craig Owen\" \/>\n\t<meta name=\"twitter:label2\" content=\"Est. reading time\" \/>\n\t<meta name=\"twitter:data2\" content=\"2 minutes\" \/>\n<script type=\"application\/ld+json\" class=\"yoast-schema-graph\">{\"@context\":\"https:\\\/\\\/schema.org\",\"@graph\":[{\"@type\":\"Article\",\"@id\":\"https:\\\/\\\/cymru.global\\\/cy\\\/wcia-news-cy\\\/hayley-morgan-prif-weithredwr-o-fis-mehefin-2024\\\/#article\",\"isPartOf\":{\"@id\":\"https:\\\/\\\/cymru.global\\\/cy\\\/wcia-news-cy\\\/hayley-morgan-prif-weithredwr-o-fis-mehefin-2024\\\/\"},\"author\":{\"name\":\"Craig Owen\",\"@id\":\"https:\\\/\\\/cymru.global\\\/cy\\\/#\\\/schema\\\/person\\\/b4a3bb351a6e3c07121e207a47e2b1ab\"},\"headline\":\"Cyflwyno Hayley Morgan, Prif Weithredwr newydd WCIA\",\"datePublished\":\"2024-06-05T12:41:46+00:00\",\"dateModified\":\"2024-06-05T12:45:44+00:00\",\"mainEntityOfPage\":{\"@id\":\"https:\\\/\\\/cymru.global\\\/cy\\\/wcia-news-cy\\\/hayley-morgan-prif-weithredwr-o-fis-mehefin-2024\\\/\"},\"wordCount\":376,\"commentCount\":0,\"publisher\":{\"@id\":\"https:\\\/\\\/cymru.global\\\/cy\\\/#organization\"},\"image\":{\"@id\":\"https:\\\/\\\/cymru.global\\\/cy\\\/wcia-news-cy\\\/hayley-morgan-prif-weithredwr-o-fis-mehefin-2024\\\/#primaryimage\"},\"thumbnailUrl\":\"https:\\\/\\\/cymru.global\\\/wp-content\\\/uploads\\\/2024\\\/06\\\/Screenshot-2024-06-05-at-13.15.29.png\",\"keywords\":[\"Wales\"],\"articleSection\":[\"WCIA news\"],\"inLanguage\":\"cy-GB\",\"potentialAction\":[{\"@type\":\"CommentAction\",\"name\":\"Comment\",\"target\":[\"https:\\\/\\\/cymru.global\\\/cy\\\/wcia-news-cy\\\/hayley-morgan-prif-weithredwr-o-fis-mehefin-2024\\\/#respond\"]}]},{\"@type\":\"WebPage\",\"@id\":\"https:\\\/\\\/cymru.global\\\/cy\\\/wcia-news-cy\\\/hayley-morgan-prif-weithredwr-o-fis-mehefin-2024\\\/\",\"url\":\"https:\\\/\\\/cymru.global\\\/cy\\\/wcia-news-cy\\\/hayley-morgan-prif-weithredwr-o-fis-mehefin-2024\\\/\",\"name\":\"Cyflwyno Hayley Morgan, Prif Weithredwr newydd WCIA - Cymru Global\",\"isPartOf\":{\"@id\":\"https:\\\/\\\/cymru.global\\\/cy\\\/#website\"},\"primaryImageOfPage\":{\"@id\":\"https:\\\/\\\/cymru.global\\\/cy\\\/wcia-news-cy\\\/hayley-morgan-prif-weithredwr-o-fis-mehefin-2024\\\/#primaryimage\"},\"image\":{\"@id\":\"https:\\\/\\\/cymru.global\\\/cy\\\/wcia-news-cy\\\/hayley-morgan-prif-weithredwr-o-fis-mehefin-2024\\\/#primaryimage\"},\"thumbnailUrl\":\"https:\\\/\\\/cymru.global\\\/wp-content\\\/uploads\\\/2024\\\/06\\\/Screenshot-2024-06-05-at-13.15.29.png\",\"datePublished\":\"2024-06-05T12:41:46+00:00\",\"dateModified\":\"2024-06-05T12:45:44+00:00\",\"breadcrumb\":{\"@id\":\"https:\\\/\\\/cymru.global\\\/cy\\\/wcia-news-cy\\\/hayley-morgan-prif-weithredwr-o-fis-mehefin-2024\\\/#breadcrumb\"},\"inLanguage\":\"cy-GB\",\"potentialAction\":[{\"@type\":\"ReadAction\",\"target\":[\"https:\\\/\\\/cymru.global\\\/cy\\\/wcia-news-cy\\\/hayley-morgan-prif-weithredwr-o-fis-mehefin-2024\\\/\"]}]},{\"@type\":\"ImageObject\",\"inLanguage\":\"cy-GB\",\"@id\":\"https:\\\/\\\/cymru.global\\\/cy\\\/wcia-news-cy\\\/hayley-morgan-prif-weithredwr-o-fis-mehefin-2024\\\/#primaryimage\",\"url\":\"https:\\\/\\\/cymru.global\\\/wp-content\\\/uploads\\\/2024\\\/06\\\/Screenshot-2024-06-05-at-13.15.29.png\",\"contentUrl\":\"https:\\\/\\\/cymru.global\\\/wp-content\\\/uploads\\\/2024\\\/06\\\/Screenshot-2024-06-05-at-13.15.29.png\",\"width\":1462,\"height\":1546},{\"@type\":\"BreadcrumbList\",\"@id\":\"https:\\\/\\\/cymru.global\\\/cy\\\/wcia-news-cy\\\/hayley-morgan-prif-weithredwr-o-fis-mehefin-2024\\\/#breadcrumb\",\"itemListElement\":[{\"@type\":\"ListItem\",\"position\":1,\"name\":\"Cartref\",\"item\":\"https:\\\/\\\/cymru.global\\\/cy\\\/cymru-global\\\/\"},{\"@type\":\"ListItem\",\"position\":2,\"name\":\"Cyflwyno Hayley Morgan, Prif Weithredwr newydd WCIA\"}]},{\"@type\":\"WebSite\",\"@id\":\"https:\\\/\\\/cymru.global\\\/cy\\\/#website\",\"url\":\"https:\\\/\\\/cymru.global\\\/cy\\\/\",\"name\":\"Cymru Global\",\"description\":\"\",\"publisher\":{\"@id\":\"https:\\\/\\\/cymru.global\\\/cy\\\/#organization\"},\"potentialAction\":[{\"@type\":\"SearchAction\",\"target\":{\"@type\":\"EntryPoint\",\"urlTemplate\":\"https:\\\/\\\/cymru.global\\\/cy\\\/?s={search_term_string}\"},\"query-input\":{\"@type\":\"PropertyValueSpecification\",\"valueRequired\":true,\"valueName\":\"search_term_string\"}}],\"inLanguage\":\"cy-GB\"},{\"@type\":\"Organization\",\"@id\":\"https:\\\/\\\/cymru.global\\\/cy\\\/#organization\",\"name\":\"Cymru Global\",\"url\":\"https:\\\/\\\/cymru.global\\\/cy\\\/\",\"logo\":{\"@type\":\"ImageObject\",\"inLanguage\":\"cy-GB\",\"@id\":\"https:\\\/\\\/cymru.global\\\/cy\\\/#\\\/schema\\\/logo\\\/image\\\/\",\"url\":\"https:\\\/\\\/cymru.global\\\/wp-content\\\/uploads\\\/2026\\\/02\\\/loog-white.svg\",\"contentUrl\":\"https:\\\/\\\/cymru.global\\\/wp-content\\\/uploads\\\/2026\\\/02\\\/loog-white.svg\",\"width\":179,\"height\":59,\"caption\":\"Cymru Global\"},\"image\":{\"@id\":\"https:\\\/\\\/cymru.global\\\/cy\\\/#\\\/schema\\\/logo\\\/image\\\/\"},\"sameAs\":[\"https:\\\/\\\/www.facebook.com\\\/welshcentreforinternationalaffairs\\\/\",\"https:\\\/\\\/x.com\\\/WCIA_Wales\",\"https:\\\/\\\/www.instagram.com\\\/wcia_wales\\\/?hl=en-gb\",\"https:\\\/\\\/www.youtube.com\\\/channel\\\/UC0G2l7QV_yPDU4RHB8hEEPg\"]},{\"@type\":\"Person\",\"@id\":\"https:\\\/\\\/cymru.global\\\/cy\\\/#\\\/schema\\\/person\\\/b4a3bb351a6e3c07121e207a47e2b1ab\",\"name\":\"Craig Owen\",\"image\":{\"@type\":\"ImageObject\",\"inLanguage\":\"cy-GB\",\"@id\":\"https:\\\/\\\/secure.gravatar.com\\\/avatar\\\/ddf69d48b620ba56dc5e9645bb2b3b54243829f3e133aaad1d2f65e0ae3d7d0c?s=96&d=mm&r=g\",\"url\":\"https:\\\/\\\/secure.gravatar.com\\\/avatar\\\/ddf69d48b620ba56dc5e9645bb2b3b54243829f3e133aaad1d2f65e0ae3d7d0c?s=96&d=mm&r=g\",\"contentUrl\":\"https:\\\/\\\/secure.gravatar.com\\\/avatar\\\/ddf69d48b620ba56dc5e9645bb2b3b54243829f3e133aaad1d2f65e0ae3d7d0c?s=96&d=mm&r=g\",\"caption\":\"Craig Owen\"},\"url\":\"https:\\\/\\\/cymru.global\\\/cy\\\/author\\\/craig-owen\\\/\"}]}<\/script>\n<!-- \/ Yoast SEO plugin. -->","yoast_head_json":{"title":"Cyflwyno Hayley Morgan, Prif Weithredwr newydd WCIA - Cymru Global","robots":{"index":"index","follow":"follow","max-snippet":"max-snippet:-1","max-image-preview":"max-image-preview:large","max-video-preview":"max-video-preview:-1"},"og_locale":"cy_GB","og_type":"article","og_title":"Cyflwyno Hayley Morgan, Prif Weithredwr newydd WCIA - Cymru Global","og_description":"o fis Mehefin 2024 Gyda chefndir mewn rheoli rhaglenni ac arweinyddiaeth yn y sector dyngarol rhyngwladol, yn ogystal \u00e2\u2019r trydydd sector a\u2019r sector cyhoeddus yng Nghymru, mae Hayley yn gyffrous dros ben i ymuno \u00e2 WCIA fel ei Phrif Swyddog Gweithredol newydd.\u00a0 Dychwelodd Hayley adref yn 2018 ar \u00f4l byw [...]","og_url":"https:\/\/cymru.global\/cy\/wcia-news-cy\/hayley-morgan-prif-weithredwr-o-fis-mehefin-2024\/","og_site_name":"Cymru Global","article_publisher":"https:\/\/www.facebook.com\/welshcentreforinternationalaffairs\/","article_published_time":"2024-06-05T12:41:46+00:00","article_modified_time":"2024-06-05T12:45:44+00:00","og_image":[{"width":968,"height":1024,"url":"https:\/\/cymru.global\/wp-content\/uploads\/2024\/06\/Screenshot-2024-06-05-at-13.15.29-968x1024.png","type":"image\/png"}],"author":"Craig Owen","twitter_card":"summary_large_image","twitter_creator":"@WCIA_Wales","twitter_site":"@WCIA_Wales","twitter_misc":{"Written by":"Craig Owen","Est. reading time":"2 minutes"},"schema":{"@context":"https:\/\/schema.org","@graph":[{"@type":"Article","@id":"https:\/\/cymru.global\/cy\/wcia-news-cy\/hayley-morgan-prif-weithredwr-o-fis-mehefin-2024\/#article","isPartOf":{"@id":"https:\/\/cymru.global\/cy\/wcia-news-cy\/hayley-morgan-prif-weithredwr-o-fis-mehefin-2024\/"},"author":{"name":"Craig Owen","@id":"https:\/\/cymru.global\/cy\/#\/schema\/person\/b4a3bb351a6e3c07121e207a47e2b1ab"},"headline":"Cyflwyno Hayley Morgan, Prif Weithredwr newydd WCIA","datePublished":"2024-06-05T12:41:46+00:00","dateModified":"2024-06-05T12:45:44+00:00","mainEntityOfPage":{"@id":"https:\/\/cymru.global\/cy\/wcia-news-cy\/hayley-morgan-prif-weithredwr-o-fis-mehefin-2024\/"},"wordCount":376,"commentCount":0,"publisher":{"@id":"https:\/\/cymru.global\/cy\/#organization"},"image":{"@id":"https:\/\/cymru.global\/cy\/wcia-news-cy\/hayley-morgan-prif-weithredwr-o-fis-mehefin-2024\/#primaryimage"},"thumbnailUrl":"https:\/\/cymru.global\/wp-content\/uploads\/2024\/06\/Screenshot-2024-06-05-at-13.15.29.png","keywords":["Wales"],"articleSection":["WCIA news"],"inLanguage":"cy-GB","potentialAction":[{"@type":"CommentAction","name":"Comment","target":["https:\/\/cymru.global\/cy\/wcia-news-cy\/hayley-morgan-prif-weithredwr-o-fis-mehefin-2024\/#respond"]}]},{"@type":"WebPage","@id":"https:\/\/cymru.global\/cy\/wcia-news-cy\/hayley-morgan-prif-weithredwr-o-fis-mehefin-2024\/","url":"https:\/\/cymru.global\/cy\/wcia-news-cy\/hayley-morgan-prif-weithredwr-o-fis-mehefin-2024\/","name":"Cyflwyno Hayley Morgan, Prif Weithredwr newydd WCIA - Cymru Global","isPartOf":{"@id":"https:\/\/cymru.global\/cy\/#website"},"primaryImageOfPage":{"@id":"https:\/\/cymru.global\/cy\/wcia-news-cy\/hayley-morgan-prif-weithredwr-o-fis-mehefin-2024\/#primaryimage"},"image":{"@id":"https:\/\/cymru.global\/cy\/wcia-news-cy\/hayley-morgan-prif-weithredwr-o-fis-mehefin-2024\/#primaryimage"},"thumbnailUrl":"https:\/\/cymru.global\/wp-content\/uploads\/2024\/06\/Screenshot-2024-06-05-at-13.15.29.png","datePublished":"2024-06-05T12:41:46+00:00","dateModified":"2024-06-05T12:45:44+00:00","breadcrumb":{"@id":"https:\/\/cymru.global\/cy\/wcia-news-cy\/hayley-morgan-prif-weithredwr-o-fis-mehefin-2024\/#breadcrumb"},"inLanguage":"cy-GB","potentialAction":[{"@type":"ReadAction","target":["https:\/\/cymru.global\/cy\/wcia-news-cy\/hayley-morgan-prif-weithredwr-o-fis-mehefin-2024\/"]}]},{"@type":"ImageObject","inLanguage":"cy-GB","@id":"https:\/\/cymru.global\/cy\/wcia-news-cy\/hayley-morgan-prif-weithredwr-o-fis-mehefin-2024\/#primaryimage","url":"https:\/\/cymru.global\/wp-content\/uploads\/2024\/06\/Screenshot-2024-06-05-at-13.15.29.png","contentUrl":"https:\/\/cymru.global\/wp-content\/uploads\/2024\/06\/Screenshot-2024-06-05-at-13.15.29.png","width":1462,"height":1546},{"@type":"BreadcrumbList","@id":"https:\/\/cymru.global\/cy\/wcia-news-cy\/hayley-morgan-prif-weithredwr-o-fis-mehefin-2024\/#breadcrumb","itemListElement":[{"@type":"ListItem","position":1,"name":"Cartref","item":"https:\/\/cymru.global\/cy\/cymru-global\/"},{"@type":"ListItem","position":2,"name":"Cyflwyno Hayley Morgan, Prif Weithredwr newydd WCIA"}]},{"@type":"WebSite","@id":"https:\/\/cymru.global\/cy\/#website","url":"https:\/\/cymru.global\/cy\/","name":"Cymru Global","description":"","publisher":{"@id":"https:\/\/cymru.global\/cy\/#organization"},"potentialAction":[{"@type":"SearchAction","target":{"@type":"EntryPoint","urlTemplate":"https:\/\/cymru.global\/cy\/?s={search_term_string}"},"query-input":{"@type":"PropertyValueSpecification","valueRequired":true,"valueName":"search_term_string"}}],"inLanguage":"cy-GB"},{"@type":"Organization","@id":"https:\/\/cymru.global\/cy\/#organization","name":"Cymru Global","url":"https:\/\/cymru.global\/cy\/","logo":{"@type":"ImageObject","inLanguage":"cy-GB","@id":"https:\/\/cymru.global\/cy\/#\/schema\/logo\/image\/","url":"https:\/\/cymru.global\/wp-content\/uploads\/2026\/02\/loog-white.svg","contentUrl":"https:\/\/cymru.global\/wp-content\/uploads\/2026\/02\/loog-white.svg","width":179,"height":59,"caption":"Cymru Global"},"image":{"@id":"https:\/\/cymru.global\/cy\/#\/schema\/logo\/image\/"},"sameAs":["https:\/\/www.facebook.com\/welshcentreforinternationalaffairs\/","https:\/\/x.com\/WCIA_Wales","https:\/\/www.instagram.com\/wcia_wales\/?hl=en-gb","https:\/\/www.youtube.com\/channel\/UC0G2l7QV_yPDU4RHB8hEEPg"]},{"@type":"Person","@id":"https:\/\/cymru.global\/cy\/#\/schema\/person\/b4a3bb351a6e3c07121e207a47e2b1ab","name":"Craig Owen","image":{"@type":"ImageObject","inLanguage":"cy-GB","@id":"https:\/\/secure.gravatar.com\/avatar\/ddf69d48b620ba56dc5e9645bb2b3b54243829f3e133aaad1d2f65e0ae3d7d0c?s=96&d=mm&r=g","url":"https:\/\/secure.gravatar.com\/avatar\/ddf69d48b620ba56dc5e9645bb2b3b54243829f3e133aaad1d2f65e0ae3d7d0c?s=96&d=mm&r=g","contentUrl":"https:\/\/secure.gravatar.com\/avatar\/ddf69d48b620ba56dc5e9645bb2b3b54243829f3e133aaad1d2f65e0ae3d7d0c?s=96&d=mm&r=g","caption":"Craig Owen"},"url":"https:\/\/cymru.global\/cy\/author\/craig-owen\/"}]}},"_links":{"self":[{"href":"https:\/\/cymru.global\/cy\/wp-json\/wp\/v2\/posts\/40837","targetHints":{"allow":["GET"]}}],"collection":[{"href":"https:\/\/cymru.global\/cy\/wp-json\/wp\/v2\/posts"}],"about":[{"href":"https:\/\/cymru.global\/cy\/wp-json\/wp\/v2\/types\/post"}],"author":[{"embeddable":true,"href":"https:\/\/cymru.global\/cy\/wp-json\/wp\/v2\/users\/7"}],"replies":[{"embeddable":true,"href":"https:\/\/cymru.global\/cy\/wp-json\/wp\/v2\/comments?post=40837"}],"version-history":[{"count":1,"href":"https:\/\/cymru.global\/cy\/wp-json\/wp\/v2\/posts\/40837\/revisions"}],"predecessor-version":[{"id":40840,"href":"https:\/\/cymru.global\/cy\/wp-json\/wp\/v2\/posts\/40837\/revisions\/40840"}],"wp:featuredmedia":[{"embeddable":true,"href":"https:\/\/cymru.global\/cy\/wp-json\/wp\/v2\/media\/40835"}],"wp:attachment":[{"href":"https:\/\/cymru.global\/cy\/wp-json\/wp\/v2\/media?parent=40837"}],"wp:term":[{"taxonomy":"category","embeddable":true,"href":"https:\/\/cymru.global\/cy\/wp-json\/wp\/v2\/categories?post=40837"},{"taxonomy":"post_tag","embeddable":true,"href":"https:\/\/cymru.global\/cy\/wp-json\/wp\/v2\/tags?post=40837"}],"curies":[{"name":"wp","href":"https:\/\/api.w.org\/{rel}","templated":true}]}}